{"id":3106,"date":"2024-07-11T15:50:18","date_gmt":"2024-07-11T13:50:18","guid":{"rendered":"https:\/\/studio-alme.fr\/?p=3106"},"modified":"2024-07-11T16:06:20","modified_gmt":"2024-07-11T14:06:20","slug":"lancement-de-la-nouvelle-saison-culturelle-du-theatre-de-villefranche","status":"publish","type":"post","link":"https:\/\/studio-alme.fr\/index.php\/2024\/07\/11\/lancement-de-la-nouvelle-saison-culturelle-du-theatre-de-villefranche\/","title":{"rendered":"Lancement de la nouvelle saison culturelle du Th\u00e9\u00e2tre de Villefranche !"},"content":{"rendered":"\n<div class=\"wp-block-columns is-layout-flex wp-container-core-columns-is-layout-28f84493 wp-block-columns-is-layout-flex\">\n<div class=\"wp-block-column is-layout-flow wp-block-column-is-layout-flow\">\n<p>\ud83d\udd35 Toujours un plaisir d&rsquo;accompagner le @theatredevillefranche s\/Sa\u00f4ne dans le lancement de leur saison culturelle 2024-25 ! \u2600 Et cette ann\u00e9e, de belles cr\u00e9ations pour une ann\u00e9e haute en couleurs !<br>D\u00e9couvrez le teaser que j&rsquo;ai r\u00e9alis\u00e9 sur <a href=\"https:\/\/www.youtube.com\/watch?v=J11Ye0H6Iu8\">SAISON 24-25 &#8211; teaser (youtube.com)<\/a> ainsi que toutes les vid\u00e9os par spectacles.<br><br><a href=\"https:\/\/www.linkedin.com\/feed\/hashtag\/?keywords=studioalme&amp;highlightedUpdateUrns=urn%3Ali%3Aactivity%3A7207288871917699075\">hashtag#studioalme<\/a> <a href=\"https:\/\/www.linkedin.com\/feed\/hashtag\/?keywords=lancementsaison&amp;highlightedUpdateUrns=urn%3Ali%3Aactivity%3A7207288871917699075\">hashtag#lancementsaison<\/a> <a href=\"https:\/\/www.linkedin.com\/feed\/hashtag\/?keywords=anneeculturelle&amp;highlightedUpdateUrns=urn%3Ali%3Aactivity%3A7207288871917699075\">hashtag#anneeculturelle<\/a> <a href=\"https:\/\/www.linkedin.com\/feed\/hashtag\/?keywords=artists&amp;highlightedUpdateUrns=urn%3Ali%3Aactivity%3A7207288871917699075\">hashtag#artists<\/a> <a href=\"https:\/\/www.linkedin.com\/feed\/hashtag\/?keywords=musics&amp;highlightedUpdateUrns=urn%3Ali%3Aactivity%3A7207288871917699075\">hashtag#musics<\/a> <a href=\"https:\/\/www.linkedin.com\/feed\/hashtag\/?keywords=culture&amp;highlightedUpdateUrns=urn%3Ali%3Aactivity%3A7207288871917699075\">hashtag#culture<\/a><\/p>\n<\/div>\n\n\n\n<div class=\"wp-block-column is-layout-flow wp-block-column-is-layout-flow\">\n<p><\/p>\n\n\n\n<figure class=\"wp-block-embed is-type-video is-provider-youtube wp-block-embed-youtube wp-embed-aspect-16-9 wp-has-aspect-ratio\"><div class=\"wp-block-embed__wrapper\">\n<div class=\"ast-oembed-container\" style=\"height: 100%;\"><iframe loading=\"lazy\" title=\"SAISON 24-25 - teaser\" width=\"500\" height=\"281\" src=\"https:\/\/www.youtube.com\/embed\/J11Ye0H6Iu8?feature=oembed\" frameborder=\"0\" allow=\"accelerometer; autoplay; clipboard-write; encrypted-media; gyroscope; picture-in-picture; web-share\" referrerpolicy=\"strict-origin-when-cross-origin\" allowfullscreen><\/iframe><\/div>\n<\/div><\/figure>\n<\/div>\n<\/div>\n","protected":false},"excerpt":{"rendered":"<p>\ud83d\udd35 Toujours un plaisir d&rsquo;accompagner le @theatredevillefranche s\/Sa\u00f4ne dans le lancement de leur saison culturelle 2024-25 ! \u2600 Et cette ann\u00e9e, de belles cr\u00e9ations pour une ann\u00e9e haute en couleurs !D\u00e9couvrez le teaser que j&rsquo;ai r\u00e9alis\u00e9 sur SAISON 24-25 &#8211; teaser (youtube.com) ainsi que toutes les vid\u00e9os par spectacles. hashtag#studioalme hashtag#lancementsaison hashtag#anneeculturelle hashtag#artists hashtag#musics hashtag#culture<\/p>\n","protected":false},"author":1,"featured_media":3109,"comment_status":"closed","ping_status":"closed","sticky":false,"template":"","format":"standard","meta":{"site-sidebar-layout":"default","site-content-layout":"default","ast-global-header-display":"","ast-main-header-display":"","ast-hfb-above-header-display":"","ast-hfb-below-header-display":"","ast-hfb-mobile-header-display":"","site-post-title":"","ast-breadcrumbs-content":"","ast-featured-img":"disabled","footer-sml-layout":"","theme-transparent-header-meta":"","adv-header-id-meta":"","stick-header-meta":"","header-above-stick-meta":"","header-main-stick-meta":"","header-below-stick-meta":"","footnotes":""},"categories":[1],"tags":[],"class_list":["post-3106","post","type-post","status-publish","format-standard","has-post-thumbnail","hentry","category-non-classe"],"uagb_featured_image_src":{"full":["https:\/\/studio-alme.fr\/wp-content\/uploads\/2024\/07\/applat-video-copie-1.jpg",1229,691,false],"thumbnail":["https:\/\/studio-alme.fr\/wp-content\/uploads\/2024\/07\/applat-video-copie-1-150x150.jpg",150,150,true],"medium":["https:\/\/studio-alme.fr\/wp-content\/uploads\/2024\/07\/applat-video-copie-1-300x169.jpg",300,169,true],"medium_large":["https:\/\/studio-alme.fr\/wp-content\/uploads\/2024\/07\/applat-video-copie-1-768x432.jpg",768,432,true],"large":["https:\/\/studio-alme.fr\/wp-content\/uploads\/2024\/07\/applat-video-copie-1-1024x576.jpg",1024,576,true],"1536x1536":["https:\/\/studio-alme.fr\/wp-content\/uploads\/2024\/07\/applat-video-copie-1.jpg",1229,691,false],"2048x2048":["https:\/\/studio-alme.fr\/wp-content\/uploads\/2024\/07\/applat-video-copie-1.jpg",1229,691,false]},"uagb_author_info":{"display_name":"Audrey","author_link":"https:\/\/studio-alme.fr\/index.php\/author\/admin1310\/"},"uagb_comment_info":0,"uagb_excerpt":"\ud83d\udd35 Toujours un plaisir d&rsquo;accompagner le @theatredevillefranche s\/Sa\u00f4ne dans le lancement de leur saison culturelle 2024-25 ! \u2600 Et cette ann\u00e9e, de belles cr\u00e9ations pour une ann\u00e9e haute en couleurs !D\u00e9couvrez le teaser que j&rsquo;ai r\u00e9alis\u00e9 sur SAISON 24-25 &#8211; teaser (youtube.com) ainsi que toutes les vid\u00e9os par spectacles. hashtag#studioalme hashtag#lancementsaison hashtag#anneeculturelle hashtag#artists hashtag#musics hashtag#culture","_links":{"self":[{"href":"https:\/\/studio-alme.fr\/index.php\/wp-json\/wp\/v2\/posts\/3106","targetHints":{"allow":["GET"]}}],"collection":[{"href":"https:\/\/studio-alme.fr\/index.php\/wp-json\/wp\/v2\/posts"}],"about":[{"href":"https:\/\/studio-alme.fr\/index.php\/wp-json\/wp\/v2\/types\/post"}],"author":[{"embeddable":true,"href":"https:\/\/studio-alme.fr\/index.php\/wp-json\/wp\/v2\/users\/1"}],"replies":[{"embeddable":true,"href":"https:\/\/studio-alme.fr\/index.php\/wp-json\/wp\/v2\/comments?post=3106"}],"version-history":[{"count":5,"href":"https:\/\/studio-alme.fr\/index.php\/wp-json\/wp\/v2\/posts\/3106\/revisions"}],"predecessor-version":[{"id":3117,"href":"https:\/\/studio-alme.fr\/index.php\/wp-json\/wp\/v2\/posts\/3106\/revisions\/3117"}],"wp:featuredmedia":[{"embeddable":true,"href":"https:\/\/studio-alme.fr\/index.php\/wp-json\/wp\/v2\/media\/3109"}],"wp:attachment":[{"href":"https:\/\/studio-alme.fr\/index.php\/wp-json\/wp\/v2\/media?parent=3106"}],"wp:term":[{"taxonomy":"category","embeddable":true,"href":"https:\/\/studio-alme.fr\/index.php\/wp-json\/wp\/v2\/categories?post=3106"},{"taxonomy":"post_tag","embeddable":true,"href":"https:\/\/studio-alme.fr\/index.php\/wp-json\/wp\/v2\/tags?post=3106"}],"curies":[{"name":"wp","href":"https:\/\/api.w.org\/{rel}","templated":true}]}}