{"id":3118,"date":"2025-02-27T12:08:31","date_gmt":"2025-02-27T11:08:31","guid":{"rendered":"https:\/\/studio-alme.fr\/?p=3118"},"modified":"2025-03-04T09:06:22","modified_gmt":"2025-03-04T08:06:22","slug":"les-universelles-place-aux-femmes-inspirantes","status":"publish","type":"post","link":"https:\/\/studio-alme.fr\/index.php\/2025\/02\/27\/les-universelles-place-aux-femmes-inspirantes\/","title":{"rendered":"Les Univers&rsquo;elles &#8211; Place aux femmes inspirantes !"},"content":{"rendered":"\n<div class=\"wp-block-media-text is-stacked-on-mobile\"><figure class=\"wp-block-media-text__media\"><img loading=\"lazy\" decoding=\"async\" width=\"1024\" height=\"1024\" src=\"https:\/\/studio-alme.fr\/wp-content\/uploads\/2025\/02\/UNIVL25_visuel_1080x1080px_web-avecsiteweb-1-1024x1024.jpg\" alt=\"\" class=\"wp-image-3121 size-full\" srcset=\"https:\/\/studio-alme.fr\/wp-content\/uploads\/2025\/02\/UNIVL25_visuel_1080x1080px_web-avecsiteweb-1-1024x1024.jpg 1024w, https:\/\/studio-alme.fr\/wp-content\/uploads\/2025\/02\/UNIVL25_visuel_1080x1080px_web-avecsiteweb-1-300x300.jpg 300w, https:\/\/studio-alme.fr\/wp-content\/uploads\/2025\/02\/UNIVL25_visuel_1080x1080px_web-avecsiteweb-1-150x150.jpg 150w, https:\/\/studio-alme.fr\/wp-content\/uploads\/2025\/02\/UNIVL25_visuel_1080x1080px_web-avecsiteweb-1-768x768.jpg 768w, https:\/\/studio-alme.fr\/wp-content\/uploads\/2025\/02\/UNIVL25_visuel_1080x1080px_web-avecsiteweb-1.jpg 1080w\" sizes=\"auto, (max-width: 1024px) 100vw, 1024px\" \/><\/figure><div class=\"wp-block-media-text__content\">\n<p>\ud83d\udfe3Les Univers&rsquo;elles &#8211; Place aux femmes inspirantes ! \ud83d\udfe3<\/p>\n\n\n\n<p>La 1\u00e8re \u00e9dition de ce temps fort au f\u00e9minin qui aura lieu du 7 au 20 avril \u00e0 Villefranche et dans son agglom\u00e9ration !<br><br>\u27a1\ufe0f A travers une programmation riche et vari\u00e9e (une vingtaine de propositions), l&rsquo;objectif est de susciter l&rsquo;\u00e9merveillement, l&rsquo;inspiration et la r\u00e9flexion sur la place des femmes dans l&rsquo;histoire et la soci\u00e9t\u00e9.<br><br>\ud83e\udd1d Initi\u00e9es par le @theatredevillefranche, les Univers&rsquo;elles sont le fruit d&rsquo;une belle synergie entre les acteurs du territoire : @museemunicipalpauldini\u00a0@theatrepelemele\u00a0@concertsdelauditorium\u00a0@cinemaLes400coups\u00a0@librairie_des_marais\u00a0@mediathequePierreMendesFrance\u00a0@museeclaudebernard\u00a0@museeleprieure\u00a0@Acad\u00e9miedeVillefrancheetduBeaujolais @villefranchesursaone.officiel @cavillefranchebeaujolaissaone<\/p>\n<\/div><\/div>\n\n\n\n<p>Tout le programme sur : <a href=\"https:\/\/theatredevillefranche.com\/spectacles\/les-universelles\/\">Les Univers&rsquo;elles &#8211; Th\u00e9\u00e2tre de Villefranche-sur-Sa\u00f4ne<\/a><\/p>\n\n\n\n<p><\/p>\n","protected":false},"excerpt":{"rendered":"<p>\ud83d\udfe3Les Univers&rsquo;elles &#8211; Place aux femmes inspirantes ! \ud83d\udfe3 La 1\u00e8re \u00e9dition de ce temps fort au f\u00e9minin qui aura lieu du 7 au 20 avril \u00e0 Villefranche et dans son agglom\u00e9ration ! \u27a1\ufe0f A travers une programmation riche et vari\u00e9e (une vingtaine de propositions), l&rsquo;objectif est de susciter l&rsquo;\u00e9merveillement, l&rsquo;inspiration et la r\u00e9flexion sur &hellip;<\/p>\n<p class=\"read-more\"> <a class=\"\" href=\"https:\/\/studio-alme.fr\/index.php\/2025\/02\/27\/les-universelles-place-aux-femmes-inspirantes\/\"> <span class=\"screen-reader-text\">Les Univers&rsquo;elles &#8211; Place aux femmes inspirantes !<\/span> Lire la suite\u00a0\u00bb<\/a><\/p>\n","protected":false},"author":1,"featured_media":3121,"comment_status":"closed","ping_status":"closed","sticky":false,"template":"","format":"standard","meta":{"site-sidebar-layout":"default","site-content-layout":"default","ast-global-header-display":"","ast-main-header-display":"","ast-hfb-above-header-display":"","ast-hfb-below-header-display":"","ast-hfb-mobile-header-display":"","site-post-title":"","ast-breadcrumbs-content":"","ast-featured-img":"","footer-sml-layout":"","theme-transparent-header-meta":"","adv-header-id-meta":"","stick-header-meta":"","header-above-stick-meta":"","header-main-stick-meta":"","header-below-stick-meta":"","footnotes":""},"categories":[1],"tags":[],"class_list":["post-3118","post","type-post","status-publish","format-standard","has-post-thumbnail","hentry","category-non-classe"],"uagb_featured_image_src":{"full":["https:\/\/studio-alme.fr\/wp-content\/uploads\/2025\/02\/UNIVL25_visuel_1080x1080px_web-avecsiteweb-1.jpg",1080,1080,false],"thumbnail":["https:\/\/studio-alme.fr\/wp-content\/uploads\/2025\/02\/UNIVL25_visuel_1080x1080px_web-avecsiteweb-1-150x150.jpg",150,150,true],"medium":["https:\/\/studio-alme.fr\/wp-content\/uploads\/2025\/02\/UNIVL25_visuel_1080x1080px_web-avecsiteweb-1-300x300.jpg",300,300,true],"medium_large":["https:\/\/studio-alme.fr\/wp-content\/uploads\/2025\/02\/UNIVL25_visuel_1080x1080px_web-avecsiteweb-1-768x768.jpg",768,768,true],"large":["https:\/\/studio-alme.fr\/wp-content\/uploads\/2025\/02\/UNIVL25_visuel_1080x1080px_web-avecsiteweb-1-1024x1024.jpg",1024,1024,true],"1536x1536":["https:\/\/studio-alme.fr\/wp-content\/uploads\/2025\/02\/UNIVL25_visuel_1080x1080px_web-avecsiteweb-1.jpg",1080,1080,false],"2048x2048":["https:\/\/studio-alme.fr\/wp-content\/uploads\/2025\/02\/UNIVL25_visuel_1080x1080px_web-avecsiteweb-1.jpg",1080,1080,false]},"uagb_author_info":{"display_name":"Audrey","author_link":"https:\/\/studio-alme.fr\/index.php\/author\/admin1310\/"},"uagb_comment_info":2,"uagb_excerpt":"\ud83d\udfe3Les Univers&rsquo;elles &#8211; Place aux femmes inspirantes ! \ud83d\udfe3 La 1\u00e8re \u00e9dition de ce temps fort au f\u00e9minin qui aura lieu du 7 au 20 avril \u00e0 Villefranche et dans son agglom\u00e9ration ! \u27a1\ufe0f A travers une programmation riche et vari\u00e9e (une vingtaine de propositions), l&rsquo;objectif est de susciter l&rsquo;\u00e9merveillement, l&rsquo;inspiration et la r\u00e9flexion sur\u2026","_links":{"self":[{"href":"https:\/\/studio-alme.fr\/index.php\/wp-json\/wp\/v2\/posts\/3118","targetHints":{"allow":["GET"]}}],"collection":[{"href":"https:\/\/studio-alme.fr\/index.php\/wp-json\/wp\/v2\/posts"}],"about":[{"href":"https:\/\/studio-alme.fr\/index.php\/wp-json\/wp\/v2\/types\/post"}],"author":[{"embeddable":true,"href":"https:\/\/studio-alme.fr\/index.php\/wp-json\/wp\/v2\/users\/1"}],"replies":[{"embeddable":true,"href":"https:\/\/studio-alme.fr\/index.php\/wp-json\/wp\/v2\/comments?post=3118"}],"version-history":[{"count":3,"href":"https:\/\/studio-alme.fr\/index.php\/wp-json\/wp\/v2\/posts\/3118\/revisions"}],"predecessor-version":[{"id":3123,"href":"https:\/\/studio-alme.fr\/index.php\/wp-json\/wp\/v2\/posts\/3118\/revisions\/3123"}],"wp:featuredmedia":[{"embeddable":true,"href":"https:\/\/studio-alme.fr\/index.php\/wp-json\/wp\/v2\/media\/3121"}],"wp:attachment":[{"href":"https:\/\/studio-alme.fr\/index.php\/wp-json\/wp\/v2\/media?parent=3118"}],"wp:term":[{"taxonomy":"category","embeddable":true,"href":"https:\/\/studio-alme.fr\/index.php\/wp-json\/wp\/v2\/categories?post=3118"},{"taxonomy":"post_tag","embeddable":true,"href":"https:\/\/studio-alme.fr\/index.php\/wp-json\/wp\/v2\/tags?post=3118"}],"curies":[{"name":"wp","href":"https:\/\/api.w.org\/{rel}","templated":true}]}}